{"id":10355,"date":"2025-02-08T08:47:40","date_gmt":"2025-02-08T00:47:40","guid":{"rendered":"https:\/\/reedaromalab.com\/?p=10355"},"modified":"2025-02-08T10:26:30","modified_gmt":"2025-02-08T02:26:30","slug":"is-it-dangerous-to-use-a-hair-dryer-for-a","status":"publish","type":"post","link":"https:\/\/reedaromalab.com\/pt\/is-it-dangerous-to-use-a-hair-dryer-for-a.html","title":{"rendered":"\u00c9 perigoso usar um secador de cabelo para uma sala de aquecimento"},"content":{"rendered":"<h1 id=\"the-potential-dangers-of-using-a-hair-dryer-as-a-heating-device-wpaicgheading\">Os perigos potenciais de usar um secador de cabelo como um dispositivo de aquecimento<\/h1>\n<p>\n\u00c9 perigoso usar um secador de cabelo para uma sala de aquecimento? Esta \u00e9 uma pergunta que muitas pessoas podem ter ponderado em algum momento. Embora possa parecer uma solu\u00e7\u00e3o conveniente e econ\u00f4mica, o uso de um secador de cabelo como um dispositivo de aquecimento pode realmente representar v\u00e1rios perigos em potencial.<\/p>\n<p><a href=\"https:\/\/reedaromalab.com\/high-grade-cheapest-real-scent-diffuser.html\" target=\"_blank\" rel=\"noopener\">https:\/\/reedaromalab.com\/high-grade-cheapest-real-scent-diffuser.html<\/a><\/p>\n<p>Em primeiro lugar, os secadores de cabelo n\u00e3o foram projetados para serem usados \u200b\u200bcomo dispositivos de aquecimento. Eles s\u00e3o projetados especificamente para secagem de cabelos e t\u00eam recursos de seguran\u00e7a para evitar superaquecimento. Quando usados \u200b\u200bpor longos per\u00edodos de tempo ou de uma maneira para a qual n\u00e3o foram intencionados, os secadores de cabelo podem superaquecer e se tornar um risco de inc\u00eandio. Isso \u00e9 especialmente verdadeiro se forem deixados sem vigil\u00e2ncia ou colocados perto de materiais inflam\u00e1veis, como cortinas ou roupas de cama.<\/p>\n<p><a href=\"https:\/\/reedaromalab.com\/\" target=\"_blank\" rel=\"noopener\">vela perfumada<\/a><\/p>\n<p>Al\u00e9m do risco de inc\u00eandio, o uso de um secador de cabelo como dispositivo de aquecimento tamb\u00e9m pode levar a riscos el\u00e9tricos. Os secadores de cabelo requerem uma quantidade significativa de energia para operar, e us\u00e1 -los por per\u00edodos prolongados de tempo pode colocar uma press\u00e3o nos circuitos el\u00e9tricos. Isso pode levar ao superaquecimento e potencialmente causar inc\u00eandios el\u00e9tricos ou danos \u00e0 fia\u00e7\u00e3o em sua casa. \u00c9 importante observar que os secadores de cabelo n\u00e3o est\u00e3o equipados com os mesmos recursos de seguran\u00e7a que os dispositivos de aquecimento tradicionais, como termostatos ou interruptores de desligamento autom\u00e1ticos, que podem aumentar ainda mais o risco de riscos el\u00e9tricos.<\/p>\n<figure class=\"wp-block-table\">\n<table>\n<tbody>\n<tr>\n<td>Products<\/td>\n<td>Fragr\u00e2ncia da sala<\/td>\n<\/tr>\n<tr>\n<td>Material<\/td>\n<td>Cer\u00e2mica<\/td>\n<\/tr>\n<tr>\n<td>Adequado para<\/td>\n<td>Soilet<\/td>\n<\/tr>\n<tr>\n<td>Cents<\/td>\n<td>Eucalyptus e hortel\u00e3, algod\u00e3o fresco<\/td>\n<\/tr>\n<tr>\n<td>Capacidade<\/td>\n<td>120ml<\/td>\n<\/tr>\n<tr>\n<td>Color<\/td>\n<td>Gray<\/td>\n<\/tr>\n<tr>\n<td>Origem<\/td>\n<td>China Company<\/td>\n<\/tr>\n<tr>\n<td>Duration<\/td>\n<td>40-60Days<\/td>\n<\/tr>\n<\/tbody>\n<\/table>\n<\/figure>\n<p>\nAl\u00e9m disso, o uso de um secador de cabelo como dispositivo de aquecimento tamb\u00e9m pode representar um risco para sua seguran\u00e7a pessoal. Os secadores de cabelo geram uma quantidade significativa de calor e, se usados \u200b\u200bincorretamente, podem causar queimaduras ou outras les\u00f5es. Por exemplo, se o ar quente do secador de cabelo entrar em contato com a pele por um longo per\u00edodo de tempo, poder\u00e1 causar queimaduras ou bolhas. Al\u00e9m disso, se o secador de cabelo for descartado ou maltratado durante o uso, pode causar ferimentos ou danos aos objetos circundantes.<\/p>\n<div class=\"entry-content-asset videofit\"><iframe loading=\"lazy\" title=\"Brakula Aromatherapy Invited to 2024 China Nantong Cross-border E-commerce Exhibition\" width=\"720\" height=\"405\" src=\"https:\/\/www.youtube.com\/embed\/9EFhrMoZ2gw?feature=oembed\" frameborder=\"0\" allow=\"accelerometer; autoplay; clipboard-write; encrypted-media; gyroscope; picture-in-picture; web-share\" referrerpolicy=\"strict-origin-when-cross-origin\" allowfullscreen><\/iframe><\/div>\n<p>Tamb\u00e9m vale a pena notar que o uso de um secador de cabelo como dispositivo de aquecimento n\u00e3o \u00e9 uma solu\u00e7\u00e3o eficiente ou econ\u00f4mica. Os secadores de cabelo s\u00e3o projetados para soprar o ar em alta velocidade, o que n\u00e3o \u00e9 uma maneira eficiente de aquecer uma sala. De fato, o uso de um secador de cabelo para aquecer uma sala pode realmente aumentar seu consumo de energia e resultar em contas de servi\u00e7os p\u00fablicos mais altos. \u00c9 muito mais eficiente usar um dispositivo de aquecimento adequadamente projetado, como um aquecedor espacial ou um sistema de aquecimento central, que \u00e9 projetado especificamente para aquecer as salas de maneira eficaz e eficiente. Um dispositivo de aquecimento, \u00e9 importante considerar os perigos potenciais associados a essa pr\u00e1tica. Do risco de inc\u00eandio e riscos el\u00e9tricos a preocupa\u00e7\u00f5es de seguran\u00e7a pessoal, o uso de um secador de cabelo como dispositivo de aquecimento pode representar riscos significativos. \u00c9 sempre melhor usar dispositivos de aquecimento projetados especificamente para esse fim, pois possuem os recursos de seguran\u00e7a necess\u00e1rios e s\u00e3o mais eficientes e econ\u00f4micos. Portanto, da pr\u00f3xima vez que voc\u00ea precisar de um calor extra, \u00e9 melhor alcan\u00e7ar um dispositivo de aquecimento adequado, em vez de confiar em um secador de cabelo.<\/p>\n<p><img decoding=\"async\" src=\"https:\/\/reedaromalab.com\/wp-content\/uploads\/2024\/11\/Brakula43307394.jpg\" alt=\"alt-3210\" class=\"wp-image-3210\" id=\"i3210\" \/><\/p>\n","protected":false},"excerpt":{"rendered":"<p>Os perigos potenciais de usar um secador de cabelo como um dispositivo de aquecimento \u00c9 perigoso usar um secador de cabelo para uma sala de aquecimento? Esta \u00e9 uma pergunta que muitas pessoas podem ter ponderado em algum momento. Embora possa parecer uma solu\u00e7\u00e3o conveniente e econ\u00f4mica, o uso de&#8230;<\/p>\n","protected":false},"author":1,"featured_media":2473,"comment_status":"closed","ping_status":"closed","sticky":false,"template":"","format":"standard","meta":{"_kad_post_transparent":"default","_kad_post_title":"default","_kad_post_layout":"default","_kad_post_sidebar_id":"","_kad_post_content_style":"default","_kad_post_vertical_padding":"default","_kad_post_feature":"","_kad_post_feature_position":"","_kad_post_header":false,"_kad_post_footer":false,"footnotes":""},"categories":[1],"tags":[],"translation":{"provider":"WPGlobus","version":"2.12.0","language":"pt","enabled_languages":["en","ar","zh","nl","fr","de","hi","id","it","ja","ko","pt","ru","es","th","tr","vi"],"languages":{"en":{"title":true,"content":true,"excerpt":false},"ar":{"title":true,"content":true,"excerpt":false},"zh":{"title":true,"content":true,"excerpt":false},"nl":{"title":true,"content":true,"excerpt":false},"fr":{"title":true,"content":true,"excerpt":false},"de":{"title":true,"content":true,"excerpt":false},"hi":{"title":true,"content":true,"excerpt":false},"id":{"title":true,"content":true,"excerpt":false},"it":{"title":true,"content":true,"excerpt":false},"ja":{"title":true,"content":true,"excerpt":false},"ko":{"title":true,"content":true,"excerpt":false},"pt":{"title":true,"content":true,"excerpt":false},"ru":{"title":true,"content":true,"excerpt":false},"es":{"title":true,"content":true,"excerpt":false},"th":{"title":true,"content":true,"excerpt":false},"tr":{"title":true,"content":true,"excerpt":false},"vi":{"title":true,"content":true,"excerpt":false}}},"_links":{"self":[{"href":"https:\/\/reedaromalab.com\/pt\/wp-json\/wp\/v2\/posts\/10355"}],"collection":[{"href":"https:\/\/reedaromalab.com\/pt\/wp-json\/wp\/v2\/posts"}],"about":[{"href":"https:\/\/reedaromalab.com\/pt\/wp-json\/wp\/v2\/types\/post"}],"author":[{"embeddable":true,"href":"https:\/\/reedaromalab.com\/pt\/wp-json\/wp\/v2\/users\/1"}],"replies":[{"embeddable":true,"href":"https:\/\/reedaromalab.com\/pt\/wp-json\/wp\/v2\/comments?post=10355"}],"version-history":[{"count":18,"href":"https:\/\/reedaromalab.com\/pt\/wp-json\/wp\/v2\/posts\/10355\/revisions"}],"predecessor-version":[{"id":10494,"href":"https:\/\/reedaromalab.com\/pt\/wp-json\/wp\/v2\/posts\/10355\/revisions\/10494"}],"wp:featuredmedia":[{"embeddable":true,"href":"https:\/\/reedaromalab.com\/pt\/wp-json\/wp\/v2\/media\/2473"}],"wp:attachment":[{"href":"https:\/\/reedaromalab.com\/pt\/wp-json\/wp\/v2\/media?parent=10355"}],"wp:term":[{"taxonomy":"category","embeddable":true,"href":"https:\/\/reedaromalab.com\/pt\/wp-json\/wp\/v2\/categories?post=10355"},{"taxonomy":"post_tag","embeddable":true,"href":"https:\/\/reedaromalab.com\/pt\/wp-json\/wp\/v2\/tags?post=10355"}],"curies":[{"name":"wp","href":"https:\/\/api.w.org\/{rel}","templated":true}]}}